{"id":2299,"date":"2025-11-26T12:20:24","date_gmt":"2025-11-26T11:20:24","guid":{"rendered":"https:\/\/priordei.com\/blog\/priordei-y-el-campus-de-groisy-una-alianza-para-formar-a-los-futuros-chefs\/"},"modified":"2025-11-27T10:11:02","modified_gmt":"2025-11-27T09:11:02","slug":"priordei-y-el-campus-de-groisy-una-alianza-para-formar-a-los-futuros-chefs","status":"publish","type":"post","link":"https:\/\/priordei.com\/es\/blog\/priordei-y-el-campus-de-groisy-una-alianza-para-formar-a-los-futuros-chefs\/","title":{"rendered":"Priordei y el Campus de Groisy: una alianza para formar a los futuros chefs"},"content":{"rendered":"\t\t<div data-elementor-type=\"wp-post\" data-elementor-id=\"2299\" class=\"elementor elementor-2299 elementor-2289\" data-elementor-post-type=\"post\">\n\t\t\t\t<div class=\"elementor-element elementor-element-66d2542 e-flex e-con-boxed e-con e-parent\" data-id=\"66d2542\" data-element_type=\"container\" data-e-type=\"container\">\n\t\t\t\t\t<div class=\"e-con-inner\">\n\t\t\t\t<div class=\"elementor-element elementor-element-2d2f17b elementor-widget elementor-widget-text-editor\" data-id=\"2d2f17b\" data-element_type=\"widget\" data-e-type=\"widget\" data-widget_type=\"text-editor.default\">\n\t\t\t\t<div class=\"elementor-widget-container\">\n\t\t\t\t\t\t\t\t\t<p>Priordei dar\u00e1 a conocer la calidad y las propiedades del aceite de oliva virgen extra del territorio a futuros chefs franceses, a trav\u00e9s de un acuerdo con el prestigioso centro de formaci\u00f3n gastron\u00f3mica Campus de Groisy, situado en la zona de los Alpes y especializado en alta cocina.<\/p><p>Priordei ha recibido recientemente la visita de representantes de su nuevo socio franc\u00e9s, en un acto que ha contado con la colaboraci\u00f3n del Instituto de Investigaci\u00f3n y Tecnolog\u00eda Agroalimentarias (IRTA) y del chef del restaurante Les Moles de Ulldecona, Jeroni Castell, galardonado con una estrella Michelin. Esta alianza marca el inicio de un programa de becas que Priordei ofrecer\u00e1 a partir de noviembre de este a\u00f1o para estudiantes del campus franc\u00e9s. El objetivo de este acuerdo es facilitar a j\u00f3venes talentos de la gastronom\u00eda una inmersi\u00f3n directa en el mundo y la cultura del aceite de oliva, poniendo en valor la producci\u00f3n catalana y el territorio del Priorat y la Ribera d\u2019Ebre como referentes de calidad y tradici\u00f3n.<\/p><p>El objetivo de este acuerdo es ofrecer a j\u00f3venes talentos de la gastronom\u00eda una inmersi\u00f3n directa en el mundo y la cultura del aceite de oliva, poniendo en valor la producci\u00f3n catalana y el territorio del Priorat y la Ribera d\u2019Ebre como referentes de calidad y tradici\u00f3n.<\/p><p>Con esta iniciativa, Priordei reafirma su compromiso con la formaci\u00f3n y con la difusi\u00f3n internacional de la cultura ole\u00edcola catalana.<\/p>\t\t\t\t\t\t\t\t<\/div>\n\t\t\t\t<\/div>\n\t\t\t\t\t<\/div>\n\t\t\t\t<\/div>\n\t\t\t\t<\/div>\n\t\t","protected":false},"excerpt":{"rendered":"<p>Priordei une talento y territorio con una nueva alianza con el Campus de Groisy, acercando la cultura del aceite de oliva virgen extra catal\u00e1n a los futuros chefs franceses.<\/p>\n","protected":false},"author":3,"featured_media":2296,"comment_status":"closed","ping_status":"closed","sticky":false,"template":"","format":"standard","meta":{"_acf_changed":false,"inline_featured_image":false,"footnotes":""},"categories":[52],"tags":[],"class_list":["post-2299","post","type-post","status-publish","format-standard","has-post-thumbnail","hentry","category-blog"],"acf":[],"yoast_head":"<!-- This site is optimized with the Yoast SEO plugin v27.5 - https:\/\/yoast.com\/product\/yoast-seo-wordpress\/ -->\n<title>\u25b7Priordei y el Campus de Groisy: una alianza para formar a los futuros chefs - \u3010 PRIORDEI \u3011<\/title>\n<meta name=\"description\" content=\"Priordei une talento y territorio con una nueva alianza con el Campus de Groisy, acercando la cultura del aceite de oliva virgen extra catal\u00e1n a los futuros chefs franceses. \u2713\" \/>\n<meta name=\"robots\" content=\"index, follow, max-snippet:-1, max-image-preview:large, max-video-preview:-1\" \/>\n<link rel=\"canonical\" href=\"https:\/\/priordei.com\/es\/blog\/priordei-y-el-campus-de-groisy-una-alianza-para-formar-a-los-futuros-chefs\/\" \/>\n<meta property=\"og:locale\" content=\"es_ES\" \/>\n<meta property=\"og:type\" content=\"article\" \/>\n<meta property=\"og:title\" content=\"\u25b7Priordei y el Campus de Groisy: una alianza para formar a los futuros chefs - \u3010 PRIORDEI \u3011\" \/>\n<meta property=\"og:description\" content=\"Priordei une talento y territorio con una nueva alianza con el Campus de Groisy, acercando la cultura del aceite de oliva virgen extra catal\u00e1n a los futuros chefs franceses. \u2713\" \/>\n<meta property=\"og:url\" content=\"https:\/\/priordei.com\/es\/blog\/priordei-y-el-campus-de-groisy-una-alianza-para-formar-a-los-futuros-chefs\/\" \/>\n<meta property=\"og:site_name\" content=\"PRIORDEI\" \/>\n<meta property=\"article:published_time\" content=\"2025-11-26T11:20:24+00:00\" \/>\n<meta property=\"article:modified_time\" content=\"2025-11-27T09:11:02+00:00\" \/>\n<meta property=\"og:image\" content=\"https:\/\/priordei.com\/wp-content\/uploads\/2025\/11\/ARTICLE-2.jpeg\" \/>\n\t<meta property=\"og:image:width\" content=\"1024\" \/>\n\t<meta property=\"og:image:height\" content=\"768\" \/>\n\t<meta property=\"og:image:type\" content=\"image\/jpeg\" \/>\n<meta name=\"author\" content=\"wwwarcelona\" \/>\n<meta name=\"twitter:card\" content=\"summary_large_image\" \/>\n<meta name=\"twitter:label1\" content=\"Escrito por\" \/>\n\t<meta name=\"twitter:data1\" content=\"wwwarcelona\" \/>\n\t<meta name=\"twitter:label2\" content=\"Tiempo de lectura\" \/>\n\t<meta name=\"twitter:data2\" content=\"1 minuto\" \/>\n<script type=\"application\/ld+json\" class=\"yoast-schema-graph\">{\"@context\":\"https:\\\/\\\/schema.org\",\"@graph\":[{\"@type\":\"Article\",\"@id\":\"https:\\\/\\\/priordei.com\\\/es\\\/blog\\\/priordei-y-el-campus-de-groisy-una-alianza-para-formar-a-los-futuros-chefs\\\/#article\",\"isPartOf\":{\"@id\":\"https:\\\/\\\/priordei.com\\\/es\\\/blog\\\/priordei-y-el-campus-de-groisy-una-alianza-para-formar-a-los-futuros-chefs\\\/\"},\"author\":{\"name\":\"wwwarcelona\",\"@id\":\"https:\\\/\\\/priordei.com\\\/es\\\/#\\\/schema\\\/person\\\/222fed4e81fe5af1b2168fcdb62751e8\"},\"headline\":\"Priordei y el Campus de Groisy: una alianza para formar a los futuros chefs\",\"datePublished\":\"2025-11-26T11:20:24+00:00\",\"dateModified\":\"2025-11-27T09:11:02+00:00\",\"mainEntityOfPage\":{\"@id\":\"https:\\\/\\\/priordei.com\\\/es\\\/blog\\\/priordei-y-el-campus-de-groisy-una-alianza-para-formar-a-los-futuros-chefs\\\/\"},\"wordCount\":271,\"publisher\":{\"@id\":\"https:\\\/\\\/priordei.com\\\/es\\\/#organization\"},\"image\":{\"@id\":\"https:\\\/\\\/priordei.com\\\/es\\\/blog\\\/priordei-y-el-campus-de-groisy-una-alianza-para-formar-a-los-futuros-chefs\\\/#primaryimage\"},\"thumbnailUrl\":\"https:\\\/\\\/priordei.com\\\/wp-content\\\/uploads\\\/2025\\\/11\\\/ARTICLE-2.jpeg\",\"articleSection\":[\"Blog\"],\"inLanguage\":\"es\"},{\"@type\":\"WebPage\",\"@id\":\"https:\\\/\\\/priordei.com\\\/es\\\/blog\\\/priordei-y-el-campus-de-groisy-una-alianza-para-formar-a-los-futuros-chefs\\\/\",\"url\":\"https:\\\/\\\/priordei.com\\\/es\\\/blog\\\/priordei-y-el-campus-de-groisy-una-alianza-para-formar-a-los-futuros-chefs\\\/\",\"name\":\"\u25b7Priordei y el Campus de Groisy: una alianza para formar a los futuros chefs - \u3010 PRIORDEI \u3011\",\"isPartOf\":{\"@id\":\"https:\\\/\\\/priordei.com\\\/es\\\/#website\"},\"primaryImageOfPage\":{\"@id\":\"https:\\\/\\\/priordei.com\\\/es\\\/blog\\\/priordei-y-el-campus-de-groisy-una-alianza-para-formar-a-los-futuros-chefs\\\/#primaryimage\"},\"image\":{\"@id\":\"https:\\\/\\\/priordei.com\\\/es\\\/blog\\\/priordei-y-el-campus-de-groisy-una-alianza-para-formar-a-los-futuros-chefs\\\/#primaryimage\"},\"thumbnailUrl\":\"https:\\\/\\\/priordei.com\\\/wp-content\\\/uploads\\\/2025\\\/11\\\/ARTICLE-2.jpeg\",\"datePublished\":\"2025-11-26T11:20:24+00:00\",\"dateModified\":\"2025-11-27T09:11:02+00:00\",\"description\":\"Priordei une talento y territorio con una nueva alianza con el Campus de Groisy, acercando la cultura del aceite de oliva virgen extra catal\u00e1n a los futuros chefs franceses. \u2713\",\"breadcrumb\":{\"@id\":\"https:\\\/\\\/priordei.com\\\/es\\\/blog\\\/priordei-y-el-campus-de-groisy-una-alianza-para-formar-a-los-futuros-chefs\\\/#breadcrumb\"},\"inLanguage\":\"es\",\"potentialAction\":[{\"@type\":\"ReadAction\",\"target\":[\"https:\\\/\\\/priordei.com\\\/es\\\/blog\\\/priordei-y-el-campus-de-groisy-una-alianza-para-formar-a-los-futuros-chefs\\\/\"]}]},{\"@type\":\"ImageObject\",\"inLanguage\":\"es\",\"@id\":\"https:\\\/\\\/priordei.com\\\/es\\\/blog\\\/priordei-y-el-campus-de-groisy-una-alianza-para-formar-a-los-futuros-chefs\\\/#primaryimage\",\"url\":\"https:\\\/\\\/priordei.com\\\/wp-content\\\/uploads\\\/2025\\\/11\\\/ARTICLE-2.jpeg\",\"contentUrl\":\"https:\\\/\\\/priordei.com\\\/wp-content\\\/uploads\\\/2025\\\/11\\\/ARTICLE-2.jpeg\",\"width\":1024,\"height\":768},{\"@type\":\"BreadcrumbList\",\"@id\":\"https:\\\/\\\/priordei.com\\\/es\\\/blog\\\/priordei-y-el-campus-de-groisy-una-alianza-para-formar-a-los-futuros-chefs\\\/#breadcrumb\",\"itemListElement\":[{\"@type\":\"ListItem\",\"position\":1,\"name\":\"Portada\",\"item\":\"https:\\\/\\\/priordei.com\\\/es\\\/inicio\\\/\"},{\"@type\":\"ListItem\",\"position\":2,\"name\":\"Priordei y el Campus de Groisy: una alianza para formar a los futuros chefs\"}]},{\"@type\":\"WebSite\",\"@id\":\"https:\\\/\\\/priordei.com\\\/es\\\/#website\",\"url\":\"https:\\\/\\\/priordei.com\\\/es\\\/\",\"name\":\"PRIORDEI\",\"description\":\"Olis d&#039;oliva des de 1789\",\"publisher\":{\"@id\":\"https:\\\/\\\/priordei.com\\\/es\\\/#organization\"},\"potentialAction\":[{\"@type\":\"SearchAction\",\"target\":{\"@type\":\"EntryPoint\",\"urlTemplate\":\"https:\\\/\\\/priordei.com\\\/es\\\/?s={search_term_string}\"},\"query-input\":{\"@type\":\"PropertyValueSpecification\",\"valueRequired\":true,\"valueName\":\"search_term_string\"}}],\"inLanguage\":\"es\"},{\"@type\":\"Organization\",\"@id\":\"https:\\\/\\\/priordei.com\\\/es\\\/#organization\",\"name\":\"PRIORDEI\",\"url\":\"https:\\\/\\\/priordei.com\\\/es\\\/\",\"logo\":{\"@type\":\"ImageObject\",\"inLanguage\":\"es\",\"@id\":\"https:\\\/\\\/priordei.com\\\/es\\\/#\\\/schema\\\/logo\\\/image\\\/\",\"url\":\"https:\\\/\\\/priordei.com\\\/wp-content\\\/uploads\\\/2021\\\/10\\\/logo-priordei_blanco-1.png\",\"contentUrl\":\"https:\\\/\\\/priordei.com\\\/wp-content\\\/uploads\\\/2021\\\/10\\\/logo-priordei_blanco-1.png\",\"width\":181,\"height\":60,\"caption\":\"PRIORDEI\"},\"image\":{\"@id\":\"https:\\\/\\\/priordei.com\\\/es\\\/#\\\/schema\\\/logo\\\/image\\\/\"}},{\"@type\":\"Person\",\"@id\":\"https:\\\/\\\/priordei.com\\\/es\\\/#\\\/schema\\\/person\\\/222fed4e81fe5af1b2168fcdb62751e8\",\"name\":\"wwwarcelona\",\"image\":{\"@type\":\"ImageObject\",\"inLanguage\":\"es\",\"@id\":\"https:\\\/\\\/secure.gravatar.com\\\/avatar\\\/0b615c145e22a649a2156c1585836e483818ecb45a3da0064281e337cd127829?s=96&d=mm&r=g\",\"url\":\"https:\\\/\\\/secure.gravatar.com\\\/avatar\\\/0b615c145e22a649a2156c1585836e483818ecb45a3da0064281e337cd127829?s=96&d=mm&r=g\",\"contentUrl\":\"https:\\\/\\\/secure.gravatar.com\\\/avatar\\\/0b615c145e22a649a2156c1585836e483818ecb45a3da0064281e337cd127829?s=96&d=mm&r=g\",\"caption\":\"wwwarcelona\"}}]}<\/script>\n<!-- \/ Yoast SEO plugin. -->","yoast_head_json":{"title":"\u25b7Priordei y el Campus de Groisy: una alianza para formar a los futuros chefs - \u3010 PRIORDEI \u3011","description":"Priordei une talento y territorio con una nueva alianza con el Campus de Groisy, acercando la cultura del aceite de oliva virgen extra catal\u00e1n a los futuros chefs franceses. \u2713","robots":{"index":"index","follow":"follow","max-snippet":"max-snippet:-1","max-image-preview":"max-image-preview:large","max-video-preview":"max-video-preview:-1"},"canonical":"https:\/\/priordei.com\/es\/blog\/priordei-y-el-campus-de-groisy-una-alianza-para-formar-a-los-futuros-chefs\/","og_locale":"es_ES","og_type":"article","og_title":"\u25b7Priordei y el Campus de Groisy: una alianza para formar a los futuros chefs - \u3010 PRIORDEI \u3011","og_description":"Priordei une talento y territorio con una nueva alianza con el Campus de Groisy, acercando la cultura del aceite de oliva virgen extra catal\u00e1n a los futuros chefs franceses. \u2713","og_url":"https:\/\/priordei.com\/es\/blog\/priordei-y-el-campus-de-groisy-una-alianza-para-formar-a-los-futuros-chefs\/","og_site_name":"PRIORDEI","article_published_time":"2025-11-26T11:20:24+00:00","article_modified_time":"2025-11-27T09:11:02+00:00","og_image":[{"width":1024,"height":768,"url":"https:\/\/priordei.com\/wp-content\/uploads\/2025\/11\/ARTICLE-2.jpeg","type":"image\/jpeg"}],"author":"wwwarcelona","twitter_card":"summary_large_image","twitter_misc":{"Escrito por":"wwwarcelona","Tiempo de lectura":"1 minuto"},"schema":{"@context":"https:\/\/schema.org","@graph":[{"@type":"Article","@id":"https:\/\/priordei.com\/es\/blog\/priordei-y-el-campus-de-groisy-una-alianza-para-formar-a-los-futuros-chefs\/#article","isPartOf":{"@id":"https:\/\/priordei.com\/es\/blog\/priordei-y-el-campus-de-groisy-una-alianza-para-formar-a-los-futuros-chefs\/"},"author":{"name":"wwwarcelona","@id":"https:\/\/priordei.com\/es\/#\/schema\/person\/222fed4e81fe5af1b2168fcdb62751e8"},"headline":"Priordei y el Campus de Groisy: una alianza para formar a los futuros chefs","datePublished":"2025-11-26T11:20:24+00:00","dateModified":"2025-11-27T09:11:02+00:00","mainEntityOfPage":{"@id":"https:\/\/priordei.com\/es\/blog\/priordei-y-el-campus-de-groisy-una-alianza-para-formar-a-los-futuros-chefs\/"},"wordCount":271,"publisher":{"@id":"https:\/\/priordei.com\/es\/#organization"},"image":{"@id":"https:\/\/priordei.com\/es\/blog\/priordei-y-el-campus-de-groisy-una-alianza-para-formar-a-los-futuros-chefs\/#primaryimage"},"thumbnailUrl":"https:\/\/priordei.com\/wp-content\/uploads\/2025\/11\/ARTICLE-2.jpeg","articleSection":["Blog"],"inLanguage":"es"},{"@type":"WebPage","@id":"https:\/\/priordei.com\/es\/blog\/priordei-y-el-campus-de-groisy-una-alianza-para-formar-a-los-futuros-chefs\/","url":"https:\/\/priordei.com\/es\/blog\/priordei-y-el-campus-de-groisy-una-alianza-para-formar-a-los-futuros-chefs\/","name":"\u25b7Priordei y el Campus de Groisy: una alianza para formar a los futuros chefs - \u3010 PRIORDEI \u3011","isPartOf":{"@id":"https:\/\/priordei.com\/es\/#website"},"primaryImageOfPage":{"@id":"https:\/\/priordei.com\/es\/blog\/priordei-y-el-campus-de-groisy-una-alianza-para-formar-a-los-futuros-chefs\/#primaryimage"},"image":{"@id":"https:\/\/priordei.com\/es\/blog\/priordei-y-el-campus-de-groisy-una-alianza-para-formar-a-los-futuros-chefs\/#primaryimage"},"thumbnailUrl":"https:\/\/priordei.com\/wp-content\/uploads\/2025\/11\/ARTICLE-2.jpeg","datePublished":"2025-11-26T11:20:24+00:00","dateModified":"2025-11-27T09:11:02+00:00","description":"Priordei une talento y territorio con una nueva alianza con el Campus de Groisy, acercando la cultura del aceite de oliva virgen extra catal\u00e1n a los futuros chefs franceses. \u2713","breadcrumb":{"@id":"https:\/\/priordei.com\/es\/blog\/priordei-y-el-campus-de-groisy-una-alianza-para-formar-a-los-futuros-chefs\/#breadcrumb"},"inLanguage":"es","potentialAction":[{"@type":"ReadAction","target":["https:\/\/priordei.com\/es\/blog\/priordei-y-el-campus-de-groisy-una-alianza-para-formar-a-los-futuros-chefs\/"]}]},{"@type":"ImageObject","inLanguage":"es","@id":"https:\/\/priordei.com\/es\/blog\/priordei-y-el-campus-de-groisy-una-alianza-para-formar-a-los-futuros-chefs\/#primaryimage","url":"https:\/\/priordei.com\/wp-content\/uploads\/2025\/11\/ARTICLE-2.jpeg","contentUrl":"https:\/\/priordei.com\/wp-content\/uploads\/2025\/11\/ARTICLE-2.jpeg","width":1024,"height":768},{"@type":"BreadcrumbList","@id":"https:\/\/priordei.com\/es\/blog\/priordei-y-el-campus-de-groisy-una-alianza-para-formar-a-los-futuros-chefs\/#breadcrumb","itemListElement":[{"@type":"ListItem","position":1,"name":"Portada","item":"https:\/\/priordei.com\/es\/inicio\/"},{"@type":"ListItem","position":2,"name":"Priordei y el Campus de Groisy: una alianza para formar a los futuros chefs"}]},{"@type":"WebSite","@id":"https:\/\/priordei.com\/es\/#website","url":"https:\/\/priordei.com\/es\/","name":"PRIORDEI","description":"Olis d&#039;oliva des de 1789","publisher":{"@id":"https:\/\/priordei.com\/es\/#organization"},"potentialAction":[{"@type":"SearchAction","target":{"@type":"EntryPoint","urlTemplate":"https:\/\/priordei.com\/es\/?s={search_term_string}"},"query-input":{"@type":"PropertyValueSpecification","valueRequired":true,"valueName":"search_term_string"}}],"inLanguage":"es"},{"@type":"Organization","@id":"https:\/\/priordei.com\/es\/#organization","name":"PRIORDEI","url":"https:\/\/priordei.com\/es\/","logo":{"@type":"ImageObject","inLanguage":"es","@id":"https:\/\/priordei.com\/es\/#\/schema\/logo\/image\/","url":"https:\/\/priordei.com\/wp-content\/uploads\/2021\/10\/logo-priordei_blanco-1.png","contentUrl":"https:\/\/priordei.com\/wp-content\/uploads\/2021\/10\/logo-priordei_blanco-1.png","width":181,"height":60,"caption":"PRIORDEI"},"image":{"@id":"https:\/\/priordei.com\/es\/#\/schema\/logo\/image\/"}},{"@type":"Person","@id":"https:\/\/priordei.com\/es\/#\/schema\/person\/222fed4e81fe5af1b2168fcdb62751e8","name":"wwwarcelona","image":{"@type":"ImageObject","inLanguage":"es","@id":"https:\/\/secure.gravatar.com\/avatar\/0b615c145e22a649a2156c1585836e483818ecb45a3da0064281e337cd127829?s=96&d=mm&r=g","url":"https:\/\/secure.gravatar.com\/avatar\/0b615c145e22a649a2156c1585836e483818ecb45a3da0064281e337cd127829?s=96&d=mm&r=g","contentUrl":"https:\/\/secure.gravatar.com\/avatar\/0b615c145e22a649a2156c1585836e483818ecb45a3da0064281e337cd127829?s=96&d=mm&r=g","caption":"wwwarcelona"}}]}},"_links":{"self":[{"href":"https:\/\/priordei.com\/es\/wp-json\/wp\/v2\/posts\/2299","targetHints":{"allow":["GET"]}}],"collection":[{"href":"https:\/\/priordei.com\/es\/wp-json\/wp\/v2\/posts"}],"about":[{"href":"https:\/\/priordei.com\/es\/wp-json\/wp\/v2\/types\/post"}],"author":[{"embeddable":true,"href":"https:\/\/priordei.com\/es\/wp-json\/wp\/v2\/users\/3"}],"replies":[{"embeddable":true,"href":"https:\/\/priordei.com\/es\/wp-json\/wp\/v2\/comments?post=2299"}],"version-history":[{"count":1,"href":"https:\/\/priordei.com\/es\/wp-json\/wp\/v2\/posts\/2299\/revisions"}],"predecessor-version":[{"id":2300,"href":"https:\/\/priordei.com\/es\/wp-json\/wp\/v2\/posts\/2299\/revisions\/2300"}],"wp:featuredmedia":[{"embeddable":true,"href":"https:\/\/priordei.com\/es\/wp-json\/wp\/v2\/media\/2296"}],"wp:attachment":[{"href":"https:\/\/priordei.com\/es\/wp-json\/wp\/v2\/media?parent=2299"}],"wp:term":[{"taxonomy":"category","embeddable":true,"href":"https:\/\/priordei.com\/es\/wp-json\/wp\/v2\/categories?post=2299"},{"taxonomy":"post_tag","embeddable":true,"href":"https:\/\/priordei.com\/es\/wp-json\/wp\/v2\/tags?post=2299"}],"curies":[{"name":"wp","href":"https:\/\/api.w.org\/{rel}","templated":true}]}}