{"id":2285,"date":"2025-11-26T10:24:06","date_gmt":"2025-11-26T09:24:06","guid":{"rendered":"https:\/\/priordei.com\/blog\/priordei-un-ano-mas-reconocido-por-la-prestigiosa-guia-flos-olei-2026\/"},"modified":"2025-11-27T10:11:06","modified_gmt":"2025-11-27T09:11:06","slug":"priordei-un-ano-mas-reconocido-por-la-prestigiosa-guia-flos-olei-2026","status":"publish","type":"post","link":"https:\/\/priordei.com\/es\/blog\/priordei-un-ano-mas-reconocido-por-la-prestigiosa-guia-flos-olei-2026\/","title":{"rendered":"Priordei, un a\u00f1o m\u00e1s reconocido por la prestigiosa gu\u00eda Flos Olei 2026"},"content":{"rendered":"\t\t<div data-elementor-type=\"wp-post\" data-elementor-id=\"2285\" class=\"elementor elementor-2285 elementor-2265\" data-elementor-post-type=\"post\">\n\t\t\t\t<div class=\"elementor-element elementor-element-2442980 e-flex e-con-boxed e-con e-parent\" data-id=\"2442980\" data-element_type=\"container\" data-e-type=\"container\">\n\t\t\t\t\t<div class=\"e-con-inner\">\n\t\t\t\t<div class=\"elementor-element elementor-element-ab6bfce elementor-widget elementor-widget-text-editor\" data-id=\"ab6bfce\" data-element_type=\"widget\" data-e-type=\"widget\" data-widget_type=\"text-editor.default\">\n\t\t\t\t<div class=\"elementor-widget-container\">\n\t\t\t\t\t\t\t\t\t<p>Priordei vuelve a ser reconocido en la prestigiosa gu\u00eda internacional Flos Olei 2026, consolidando as\u00ed nuestro compromiso con la excelencia en la elaboraci\u00f3n de aceite de oliva virgen extra de la m\u00e1s alta calidad.<\/p><p><\/p><p>Esta distinci\u00f3n es un reconocimiento no solo al sabor excepcional de nuestros aceites, sino tambi\u00e9n a la dedicaci\u00f3n y pasi\u00f3n de todo el equipo de Priordei, que trabaja cada d\u00eda para preservar las mejores pr\u00e1cticas agr\u00edcolas e innovar en la elaboraci\u00f3n de nuestros productos.<\/p><p><\/p><p data-pm-slice=\"0 0 []\">Estar incluidos en Flos Olei 2026 nos reafirma en nuestra filosof\u00eda: ofrecer aceites de oliva que transmitan el car\u00e1cter y la esencia de nuestro territorio y legado, con un m\u00e1ximo cuidado en cada paso del proceso, desde el olivo hasta el producto final.<\/p><p><\/p><p>Estamos orgullosos de compartir este reconocimiento con todos ustedes, que hacen posible que nuestra pasi\u00f3n se convierta en una experiencia \u00fanica.<\/p><p><\/p><p>Descubra nuestros aceites y d\u00e9jese seducir por la calidad que un a\u00f1o m\u00e1s ha cautivado a los expertos de Flos Olei.<\/p><p><\/p><p><\/p>\t\t\t\t\t\t\t\t<\/div>\n\t\t\t\t<\/div>\n\t\t\t\t\t<\/div>\n\t\t\t\t<\/div>\n\t\t\t\t<\/div>\n\t\t","protected":false},"excerpt":{"rendered":"<p>Descubra el valor de un premio que honra la dedicaci\u00f3n, el saber hacer y la pasi\u00f3n por la tierra. El galard\u00f3n Flos Olei 2026, con una puntuaci\u00f3n de 88\/100 para nuestro aceite Priordei, es mucho m\u00e1s que una distinci\u00f3n: es el reflejo de la calidad, el aroma y la personalidad que definen cada gota de nuestro virgen extra. <\/p>\n","protected":false},"author":3,"featured_media":2281,"comment_status":"closed","ping_status":"closed","sticky":false,"template":"","format":"standard","meta":{"_acf_changed":false,"inline_featured_image":false,"footnotes":""},"categories":[52],"tags":[],"class_list":["post-2285","post","type-post","status-publish","format-standard","has-post-thumbnail","hentry","category-blog"],"acf":[],"yoast_head":"<!-- This site is optimized with the Yoast SEO plugin v27.5 - https:\/\/yoast.com\/product\/yoast-seo-wordpress\/ -->\n<title>\u25b7Priordei, un a\u00f1o m\u00e1s reconocido por la prestigiosa gu\u00eda Flos Olei 2026 - \u3010 PRIORDEI \u3011<\/title>\n<meta name=\"description\" content=\"Descubra el valor de un premio que honra la dedicaci\u00f3n, el saber hacer y la pasi\u00f3n por la tierra. El galard\u00f3n Flos Olei 2026, con una puntuaci\u00f3n de 88\/100 para nuestro aceite Priordei, es mucho m\u00e1s que una distinci\u00f3n: es el reflejo de la calidad, el aroma y la personalidad que definen cada gota de nuestro virgen extra. \u2713\" \/>\n<meta name=\"robots\" content=\"index, follow, max-snippet:-1, max-image-preview:large, max-video-preview:-1\" \/>\n<link rel=\"canonical\" href=\"https:\/\/priordei.com\/es\/blog\/priordei-un-ano-mas-reconocido-por-la-prestigiosa-guia-flos-olei-2026\/\" \/>\n<meta property=\"og:locale\" content=\"es_ES\" \/>\n<meta property=\"og:type\" content=\"article\" \/>\n<meta property=\"og:title\" content=\"\u25b7Priordei, un a\u00f1o m\u00e1s reconocido por la prestigiosa gu\u00eda Flos Olei 2026 - \u3010 PRIORDEI \u3011\" \/>\n<meta property=\"og:description\" content=\"Descubra el valor de un premio que honra la dedicaci\u00f3n, el saber hacer y la pasi\u00f3n por la tierra. El galard\u00f3n Flos Olei 2026, con una puntuaci\u00f3n de 88\/100 para nuestro aceite Priordei, es mucho m\u00e1s que una distinci\u00f3n: es el reflejo de la calidad, el aroma y la personalidad que definen cada gota de nuestro virgen extra. \u2713\" \/>\n<meta property=\"og:url\" content=\"https:\/\/priordei.com\/es\/blog\/priordei-un-ano-mas-reconocido-por-la-prestigiosa-guia-flos-olei-2026\/\" \/>\n<meta property=\"og:site_name\" content=\"PRIORDEI\" \/>\n<meta property=\"article:published_time\" content=\"2025-11-26T09:24:06+00:00\" \/>\n<meta property=\"article:modified_time\" content=\"2025-11-27T09:11:06+00:00\" \/>\n<meta property=\"og:image\" content=\"https:\/\/priordei.com\/wp-content\/uploads\/2025\/11\/ARTICLE-1.png\" \/>\n\t<meta property=\"og:image:width\" content=\"1606\" \/>\n\t<meta property=\"og:image:height\" content=\"1134\" \/>\n\t<meta property=\"og:image:type\" content=\"image\/png\" \/>\n<meta name=\"author\" content=\"wwwarcelona\" \/>\n<meta name=\"twitter:card\" content=\"summary_large_image\" \/>\n<meta name=\"twitter:label1\" content=\"Escrito por\" \/>\n\t<meta name=\"twitter:data1\" content=\"wwwarcelona\" \/>\n\t<meta name=\"twitter:label2\" content=\"Tiempo de lectura\" \/>\n\t<meta name=\"twitter:data2\" content=\"1 minuto\" \/>\n<script type=\"application\/ld+json\" class=\"yoast-schema-graph\">{\"@context\":\"https:\\\/\\\/schema.org\",\"@graph\":[{\"@type\":\"Article\",\"@id\":\"https:\\\/\\\/priordei.com\\\/es\\\/blog\\\/priordei-un-ano-mas-reconocido-por-la-prestigiosa-guia-flos-olei-2026\\\/#article\",\"isPartOf\":{\"@id\":\"https:\\\/\\\/priordei.com\\\/es\\\/blog\\\/priordei-un-ano-mas-reconocido-por-la-prestigiosa-guia-flos-olei-2026\\\/\"},\"author\":{\"name\":\"wwwarcelona\",\"@id\":\"https:\\\/\\\/priordei.com\\\/es\\\/#\\\/schema\\\/person\\\/222fed4e81fe5af1b2168fcdb62751e8\"},\"headline\":\"Priordei, un a\u00f1o m\u00e1s reconocido por la prestigiosa gu\u00eda Flos Olei 2026\",\"datePublished\":\"2025-11-26T09:24:06+00:00\",\"dateModified\":\"2025-11-27T09:11:06+00:00\",\"mainEntityOfPage\":{\"@id\":\"https:\\\/\\\/priordei.com\\\/es\\\/blog\\\/priordei-un-ano-mas-reconocido-por-la-prestigiosa-guia-flos-olei-2026\\\/\"},\"wordCount\":193,\"publisher\":{\"@id\":\"https:\\\/\\\/priordei.com\\\/es\\\/#organization\"},\"image\":{\"@id\":\"https:\\\/\\\/priordei.com\\\/es\\\/blog\\\/priordei-un-ano-mas-reconocido-por-la-prestigiosa-guia-flos-olei-2026\\\/#primaryimage\"},\"thumbnailUrl\":\"https:\\\/\\\/priordei.com\\\/wp-content\\\/uploads\\\/2025\\\/11\\\/ARTICLE-1.png\",\"articleSection\":[\"Blog\"],\"inLanguage\":\"es\"},{\"@type\":\"WebPage\",\"@id\":\"https:\\\/\\\/priordei.com\\\/es\\\/blog\\\/priordei-un-ano-mas-reconocido-por-la-prestigiosa-guia-flos-olei-2026\\\/\",\"url\":\"https:\\\/\\\/priordei.com\\\/es\\\/blog\\\/priordei-un-ano-mas-reconocido-por-la-prestigiosa-guia-flos-olei-2026\\\/\",\"name\":\"\u25b7Priordei, un a\u00f1o m\u00e1s reconocido por la prestigiosa gu\u00eda Flos Olei 2026 - \u3010 PRIORDEI \u3011\",\"isPartOf\":{\"@id\":\"https:\\\/\\\/priordei.com\\\/es\\\/#website\"},\"primaryImageOfPage\":{\"@id\":\"https:\\\/\\\/priordei.com\\\/es\\\/blog\\\/priordei-un-ano-mas-reconocido-por-la-prestigiosa-guia-flos-olei-2026\\\/#primaryimage\"},\"image\":{\"@id\":\"https:\\\/\\\/priordei.com\\\/es\\\/blog\\\/priordei-un-ano-mas-reconocido-por-la-prestigiosa-guia-flos-olei-2026\\\/#primaryimage\"},\"thumbnailUrl\":\"https:\\\/\\\/priordei.com\\\/wp-content\\\/uploads\\\/2025\\\/11\\\/ARTICLE-1.png\",\"datePublished\":\"2025-11-26T09:24:06+00:00\",\"dateModified\":\"2025-11-27T09:11:06+00:00\",\"description\":\"Descubra el valor de un premio que honra la dedicaci\u00f3n, el saber hacer y la pasi\u00f3n por la tierra. El galard\u00f3n Flos Olei 2026, con una puntuaci\u00f3n de 88\\\/100 para nuestro aceite Priordei, es mucho m\u00e1s que una distinci\u00f3n: es el reflejo de la calidad, el aroma y la personalidad que definen cada gota de nuestro virgen extra. \u2713\",\"breadcrumb\":{\"@id\":\"https:\\\/\\\/priordei.com\\\/es\\\/blog\\\/priordei-un-ano-mas-reconocido-por-la-prestigiosa-guia-flos-olei-2026\\\/#breadcrumb\"},\"inLanguage\":\"es\",\"potentialAction\":[{\"@type\":\"ReadAction\",\"target\":[\"https:\\\/\\\/priordei.com\\\/es\\\/blog\\\/priordei-un-ano-mas-reconocido-por-la-prestigiosa-guia-flos-olei-2026\\\/\"]}]},{\"@type\":\"ImageObject\",\"inLanguage\":\"es\",\"@id\":\"https:\\\/\\\/priordei.com\\\/es\\\/blog\\\/priordei-un-ano-mas-reconocido-por-la-prestigiosa-guia-flos-olei-2026\\\/#primaryimage\",\"url\":\"https:\\\/\\\/priordei.com\\\/wp-content\\\/uploads\\\/2025\\\/11\\\/ARTICLE-1.png\",\"contentUrl\":\"https:\\\/\\\/priordei.com\\\/wp-content\\\/uploads\\\/2025\\\/11\\\/ARTICLE-1.png\",\"width\":1606,\"height\":1134},{\"@type\":\"BreadcrumbList\",\"@id\":\"https:\\\/\\\/priordei.com\\\/es\\\/blog\\\/priordei-un-ano-mas-reconocido-por-la-prestigiosa-guia-flos-olei-2026\\\/#breadcrumb\",\"itemListElement\":[{\"@type\":\"ListItem\",\"position\":1,\"name\":\"Portada\",\"item\":\"https:\\\/\\\/priordei.com\\\/es\\\/inicio\\\/\"},{\"@type\":\"ListItem\",\"position\":2,\"name\":\"Priordei, un a\u00f1o m\u00e1s reconocido por la prestigiosa gu\u00eda Flos Olei 2026\"}]},{\"@type\":\"WebSite\",\"@id\":\"https:\\\/\\\/priordei.com\\\/es\\\/#website\",\"url\":\"https:\\\/\\\/priordei.com\\\/es\\\/\",\"name\":\"PRIORDEI\",\"description\":\"Olis d&#039;oliva des de 1789\",\"publisher\":{\"@id\":\"https:\\\/\\\/priordei.com\\\/es\\\/#organization\"},\"potentialAction\":[{\"@type\":\"SearchAction\",\"target\":{\"@type\":\"EntryPoint\",\"urlTemplate\":\"https:\\\/\\\/priordei.com\\\/es\\\/?s={search_term_string}\"},\"query-input\":{\"@type\":\"PropertyValueSpecification\",\"valueRequired\":true,\"valueName\":\"search_term_string\"}}],\"inLanguage\":\"es\"},{\"@type\":\"Organization\",\"@id\":\"https:\\\/\\\/priordei.com\\\/es\\\/#organization\",\"name\":\"PRIORDEI\",\"url\":\"https:\\\/\\\/priordei.com\\\/es\\\/\",\"logo\":{\"@type\":\"ImageObject\",\"inLanguage\":\"es\",\"@id\":\"https:\\\/\\\/priordei.com\\\/es\\\/#\\\/schema\\\/logo\\\/image\\\/\",\"url\":\"https:\\\/\\\/priordei.com\\\/wp-content\\\/uploads\\\/2021\\\/10\\\/logo-priordei_blanco-1.png\",\"contentUrl\":\"https:\\\/\\\/priordei.com\\\/wp-content\\\/uploads\\\/2021\\\/10\\\/logo-priordei_blanco-1.png\",\"width\":181,\"height\":60,\"caption\":\"PRIORDEI\"},\"image\":{\"@id\":\"https:\\\/\\\/priordei.com\\\/es\\\/#\\\/schema\\\/logo\\\/image\\\/\"}},{\"@type\":\"Person\",\"@id\":\"https:\\\/\\\/priordei.com\\\/es\\\/#\\\/schema\\\/person\\\/222fed4e81fe5af1b2168fcdb62751e8\",\"name\":\"wwwarcelona\",\"image\":{\"@type\":\"ImageObject\",\"inLanguage\":\"es\",\"@id\":\"https:\\\/\\\/secure.gravatar.com\\\/avatar\\\/0b615c145e22a649a2156c1585836e483818ecb45a3da0064281e337cd127829?s=96&d=mm&r=g\",\"url\":\"https:\\\/\\\/secure.gravatar.com\\\/avatar\\\/0b615c145e22a649a2156c1585836e483818ecb45a3da0064281e337cd127829?s=96&d=mm&r=g\",\"contentUrl\":\"https:\\\/\\\/secure.gravatar.com\\\/avatar\\\/0b615c145e22a649a2156c1585836e483818ecb45a3da0064281e337cd127829?s=96&d=mm&r=g\",\"caption\":\"wwwarcelona\"}}]}<\/script>\n<!-- \/ Yoast SEO plugin. -->","yoast_head_json":{"title":"\u25b7Priordei, un a\u00f1o m\u00e1s reconocido por la prestigiosa gu\u00eda Flos Olei 2026 - \u3010 PRIORDEI \u3011","description":"Descubra el valor de un premio que honra la dedicaci\u00f3n, el saber hacer y la pasi\u00f3n por la tierra. El galard\u00f3n Flos Olei 2026, con una puntuaci\u00f3n de 88\/100 para nuestro aceite Priordei, es mucho m\u00e1s que una distinci\u00f3n: es el reflejo de la calidad, el aroma y la personalidad que definen cada gota de nuestro virgen extra. \u2713","robots":{"index":"index","follow":"follow","max-snippet":"max-snippet:-1","max-image-preview":"max-image-preview:large","max-video-preview":"max-video-preview:-1"},"canonical":"https:\/\/priordei.com\/es\/blog\/priordei-un-ano-mas-reconocido-por-la-prestigiosa-guia-flos-olei-2026\/","og_locale":"es_ES","og_type":"article","og_title":"\u25b7Priordei, un a\u00f1o m\u00e1s reconocido por la prestigiosa gu\u00eda Flos Olei 2026 - \u3010 PRIORDEI \u3011","og_description":"Descubra el valor de un premio que honra la dedicaci\u00f3n, el saber hacer y la pasi\u00f3n por la tierra. El galard\u00f3n Flos Olei 2026, con una puntuaci\u00f3n de 88\/100 para nuestro aceite Priordei, es mucho m\u00e1s que una distinci\u00f3n: es el reflejo de la calidad, el aroma y la personalidad que definen cada gota de nuestro virgen extra. \u2713","og_url":"https:\/\/priordei.com\/es\/blog\/priordei-un-ano-mas-reconocido-por-la-prestigiosa-guia-flos-olei-2026\/","og_site_name":"PRIORDEI","article_published_time":"2025-11-26T09:24:06+00:00","article_modified_time":"2025-11-27T09:11:06+00:00","og_image":[{"width":1606,"height":1134,"url":"https:\/\/priordei.com\/wp-content\/uploads\/2025\/11\/ARTICLE-1.png","type":"image\/png"}],"author":"wwwarcelona","twitter_card":"summary_large_image","twitter_misc":{"Escrito por":"wwwarcelona","Tiempo de lectura":"1 minuto"},"schema":{"@context":"https:\/\/schema.org","@graph":[{"@type":"Article","@id":"https:\/\/priordei.com\/es\/blog\/priordei-un-ano-mas-reconocido-por-la-prestigiosa-guia-flos-olei-2026\/#article","isPartOf":{"@id":"https:\/\/priordei.com\/es\/blog\/priordei-un-ano-mas-reconocido-por-la-prestigiosa-guia-flos-olei-2026\/"},"author":{"name":"wwwarcelona","@id":"https:\/\/priordei.com\/es\/#\/schema\/person\/222fed4e81fe5af1b2168fcdb62751e8"},"headline":"Priordei, un a\u00f1o m\u00e1s reconocido por la prestigiosa gu\u00eda Flos Olei 2026","datePublished":"2025-11-26T09:24:06+00:00","dateModified":"2025-11-27T09:11:06+00:00","mainEntityOfPage":{"@id":"https:\/\/priordei.com\/es\/blog\/priordei-un-ano-mas-reconocido-por-la-prestigiosa-guia-flos-olei-2026\/"},"wordCount":193,"publisher":{"@id":"https:\/\/priordei.com\/es\/#organization"},"image":{"@id":"https:\/\/priordei.com\/es\/blog\/priordei-un-ano-mas-reconocido-por-la-prestigiosa-guia-flos-olei-2026\/#primaryimage"},"thumbnailUrl":"https:\/\/priordei.com\/wp-content\/uploads\/2025\/11\/ARTICLE-1.png","articleSection":["Blog"],"inLanguage":"es"},{"@type":"WebPage","@id":"https:\/\/priordei.com\/es\/blog\/priordei-un-ano-mas-reconocido-por-la-prestigiosa-guia-flos-olei-2026\/","url":"https:\/\/priordei.com\/es\/blog\/priordei-un-ano-mas-reconocido-por-la-prestigiosa-guia-flos-olei-2026\/","name":"\u25b7Priordei, un a\u00f1o m\u00e1s reconocido por la prestigiosa gu\u00eda Flos Olei 2026 - \u3010 PRIORDEI \u3011","isPartOf":{"@id":"https:\/\/priordei.com\/es\/#website"},"primaryImageOfPage":{"@id":"https:\/\/priordei.com\/es\/blog\/priordei-un-ano-mas-reconocido-por-la-prestigiosa-guia-flos-olei-2026\/#primaryimage"},"image":{"@id":"https:\/\/priordei.com\/es\/blog\/priordei-un-ano-mas-reconocido-por-la-prestigiosa-guia-flos-olei-2026\/#primaryimage"},"thumbnailUrl":"https:\/\/priordei.com\/wp-content\/uploads\/2025\/11\/ARTICLE-1.png","datePublished":"2025-11-26T09:24:06+00:00","dateModified":"2025-11-27T09:11:06+00:00","description":"Descubra el valor de un premio que honra la dedicaci\u00f3n, el saber hacer y la pasi\u00f3n por la tierra. El galard\u00f3n Flos Olei 2026, con una puntuaci\u00f3n de 88\/100 para nuestro aceite Priordei, es mucho m\u00e1s que una distinci\u00f3n: es el reflejo de la calidad, el aroma y la personalidad que definen cada gota de nuestro virgen extra. \u2713","breadcrumb":{"@id":"https:\/\/priordei.com\/es\/blog\/priordei-un-ano-mas-reconocido-por-la-prestigiosa-guia-flos-olei-2026\/#breadcrumb"},"inLanguage":"es","potentialAction":[{"@type":"ReadAction","target":["https:\/\/priordei.com\/es\/blog\/priordei-un-ano-mas-reconocido-por-la-prestigiosa-guia-flos-olei-2026\/"]}]},{"@type":"ImageObject","inLanguage":"es","@id":"https:\/\/priordei.com\/es\/blog\/priordei-un-ano-mas-reconocido-por-la-prestigiosa-guia-flos-olei-2026\/#primaryimage","url":"https:\/\/priordei.com\/wp-content\/uploads\/2025\/11\/ARTICLE-1.png","contentUrl":"https:\/\/priordei.com\/wp-content\/uploads\/2025\/11\/ARTICLE-1.png","width":1606,"height":1134},{"@type":"BreadcrumbList","@id":"https:\/\/priordei.com\/es\/blog\/priordei-un-ano-mas-reconocido-por-la-prestigiosa-guia-flos-olei-2026\/#breadcrumb","itemListElement":[{"@type":"ListItem","position":1,"name":"Portada","item":"https:\/\/priordei.com\/es\/inicio\/"},{"@type":"ListItem","position":2,"name":"Priordei, un a\u00f1o m\u00e1s reconocido por la prestigiosa gu\u00eda Flos Olei 2026"}]},{"@type":"WebSite","@id":"https:\/\/priordei.com\/es\/#website","url":"https:\/\/priordei.com\/es\/","name":"PRIORDEI","description":"Olis d&#039;oliva des de 1789","publisher":{"@id":"https:\/\/priordei.com\/es\/#organization"},"potentialAction":[{"@type":"SearchAction","target":{"@type":"EntryPoint","urlTemplate":"https:\/\/priordei.com\/es\/?s={search_term_string}"},"query-input":{"@type":"PropertyValueSpecification","valueRequired":true,"valueName":"search_term_string"}}],"inLanguage":"es"},{"@type":"Organization","@id":"https:\/\/priordei.com\/es\/#organization","name":"PRIORDEI","url":"https:\/\/priordei.com\/es\/","logo":{"@type":"ImageObject","inLanguage":"es","@id":"https:\/\/priordei.com\/es\/#\/schema\/logo\/image\/","url":"https:\/\/priordei.com\/wp-content\/uploads\/2021\/10\/logo-priordei_blanco-1.png","contentUrl":"https:\/\/priordei.com\/wp-content\/uploads\/2021\/10\/logo-priordei_blanco-1.png","width":181,"height":60,"caption":"PRIORDEI"},"image":{"@id":"https:\/\/priordei.com\/es\/#\/schema\/logo\/image\/"}},{"@type":"Person","@id":"https:\/\/priordei.com\/es\/#\/schema\/person\/222fed4e81fe5af1b2168fcdb62751e8","name":"wwwarcelona","image":{"@type":"ImageObject","inLanguage":"es","@id":"https:\/\/secure.gravatar.com\/avatar\/0b615c145e22a649a2156c1585836e483818ecb45a3da0064281e337cd127829?s=96&d=mm&r=g","url":"https:\/\/secure.gravatar.com\/avatar\/0b615c145e22a649a2156c1585836e483818ecb45a3da0064281e337cd127829?s=96&d=mm&r=g","contentUrl":"https:\/\/secure.gravatar.com\/avatar\/0b615c145e22a649a2156c1585836e483818ecb45a3da0064281e337cd127829?s=96&d=mm&r=g","caption":"wwwarcelona"}}]}},"_links":{"self":[{"href":"https:\/\/priordei.com\/es\/wp-json\/wp\/v2\/posts\/2285","targetHints":{"allow":["GET"]}}],"collection":[{"href":"https:\/\/priordei.com\/es\/wp-json\/wp\/v2\/posts"}],"about":[{"href":"https:\/\/priordei.com\/es\/wp-json\/wp\/v2\/types\/post"}],"author":[{"embeddable":true,"href":"https:\/\/priordei.com\/es\/wp-json\/wp\/v2\/users\/3"}],"replies":[{"embeddable":true,"href":"https:\/\/priordei.com\/es\/wp-json\/wp\/v2\/comments?post=2285"}],"version-history":[{"count":1,"href":"https:\/\/priordei.com\/es\/wp-json\/wp\/v2\/posts\/2285\/revisions"}],"predecessor-version":[{"id":2286,"href":"https:\/\/priordei.com\/es\/wp-json\/wp\/v2\/posts\/2285\/revisions\/2286"}],"wp:featuredmedia":[{"embeddable":true,"href":"https:\/\/priordei.com\/es\/wp-json\/wp\/v2\/media\/2281"}],"wp:attachment":[{"href":"https:\/\/priordei.com\/es\/wp-json\/wp\/v2\/media?parent=2285"}],"wp:term":[{"taxonomy":"category","embeddable":true,"href":"https:\/\/priordei.com\/es\/wp-json\/wp\/v2\/categories?post=2285"},{"taxonomy":"post_tag","embeddable":true,"href":"https:\/\/priordei.com\/es\/wp-json\/wp\/v2\/tags?post=2285"}],"curies":[{"name":"wp","href":"https:\/\/api.w.org\/{rel}","templated":true}]}}